{"provider_url": "https://www.caruaru.pe.leg.br", "title": "Vereadores falam sobre educa\u00e7\u00e3o e concursos p\u00fablicos", "html": "<p dir=\"ltr\" style=\"text-align: justify; \"><span>O Poder Legislativo de Caruaru discutiu, na C\u00e2mara Municipal, quest\u00f5es ligadas \u00e0 educa\u00e7\u00e3o e contribui\u00e7\u00f5es sociais de personalidades da cidade. Os parlamentares Aline Nascimento (CIDA), Perp\u00e9tua Dantas (PV) e Leonardo Chaves (PSDB) usaram a tribuna, na sess\u00e3o ordin\u00e1ria desta ter\u00e7a-feira (14).\u00a0</span></p>\r\n<p dir=\"ltr\" style=\"text-align: justify; \"><span>Leonardo Chaves, ao falar sobre o Dr. Jo\u00e3o Miranda Cavalcanti, enfatizou o valor da atua\u00e7\u00e3o do profissional na sa\u00fade p\u00fablica da popula\u00e7\u00e3o caruaruense. O vereador expressou sua admira\u00e7\u00e3o pelo m\u00e9dico, que faleceu recentemente, e afirmou esperar uma grande homenagem em seu nome, uma vez que Miranda era conhecido pela compaix\u00e3o e pelo comprometimento com seus pacientes, particularmente os que n\u00e3o podiam pagar pelo servi\u00e7o.\u00a0\u00a0</span></p>\r\n<p dir=\"ltr\" style=\"text-align: justify; \"><span>O advogado Carlos Henrique Lopes Fran\u00e7a, conhecido popularmente como Kiko Fran\u00e7a, com atua\u00e7\u00e3o simb\u00f3lica na educa\u00e7\u00e3o e no esporte do munic\u00edpio, foi contemplado com a medalha de honra ao m\u00e9rito Gercino Pereira Tabosa, com autoria vinda do gabinete de Fagner Fernandes (PDT)</span><span>.\u00a0</span></p>\r\n<p dir=\"ltr\" style=\"text-align: justify; \"><strong>Acessibilidade e Educa\u00e7\u00e3o\u00a0</strong></p>\r\n<p dir=\"ltr\" style=\"text-align: justify; \"><span>Aline Nascimento comentou sobre concursos p\u00fablicos e suas a\u00e7\u00f5es que visam facilitar o acesso a cursos preparat\u00f3rios para as pessoas interessadas, com descontos e isen\u00e7\u00f5es em valores. Perp\u00e9tua Dantas refor\u00e7ou seu compromisso em apoiar pol\u00edticas como as cotas raciais nos diferentes processos seletivos.</span></p>\r\n<p dir=\"ltr\" style=\"text-align: justify; \"><span>Neste dia (14), em que \u00e9 celebrado nacionalmente a alfabetiza\u00e7\u00e3o, Perp\u00e9tua destacou, entre outras quest\u00f5es, a import\u00e2ncia do projeto Afrobetizando Caruaru, que vem ganhando for\u00e7a nas escolas com o intuito de firmar o conhecimento sobre a cultura africana.\u00a0</span></p>\r\n<p dir=\"ltr\" style=\"text-align: justify; \"><span>Tamb\u00e9m foi refor\u00e7ado no parlamento que as aprova\u00e7\u00f5es que acontecem na Casa, em prol da cria\u00e7\u00e3o de cargos p\u00fablicos, contam sempre com a abertura dos concursos para a ocupa\u00e7\u00e3o das vagas dispon\u00edveis.\u00a0</span></p>\r\n<p dir=\"ltr\" style=\"text-align: justify; \"><span>Acompanhe as sess\u00f5es pela TV C\u00e2mara, canal 22.2, e no Youtube e Facebook do Poder Legislativo. Confira tamb\u00e9m o andamento das mat\u00e9rias que tramitam pela Casa no Sistema de Apoio ao Processo Legislativo (SAPL): </span><a href=\"https://sapl.caruaru.pe.leg.br/\"><span>https://sapl.caruaru.pe.leg.br/</span></a><span>.</span></p>", "author_name": "Fernanda Lira", "version": "1.0", "author_url": "https://www.caruaru.pe.leg.br/author/Fernanda Lira", "provider_name": "Poder Legislativo de Caruaru", "type": "rich"}